{"id":158,"date":"2015-03-02T18:00:04","date_gmt":"2015-03-02T18:00:04","guid":{"rendered":"http:\/\/fwv-schramberg.de\/?p=158"},"modified":"2015-03-08T09:44:50","modified_gmt":"2015-03-08T09:44:50","slug":"einladung-zum-kommunalpolitischen-arbeitskreis-kopa-am-11-03-2015","status":"publish","type":"post","link":"https:\/\/fwv-schramberg.de\/?p=158","title":{"rendered":"Einladung zum kommunalpolitischen Arbeitskreis (KopA) am 11.03.2015"},"content":{"rendered":"<p>Sie sind kommunalpolitisch interessiert? Dann laden wir Sie recht herzlich zum KopA\u00a0der freien W\u00e4hlervereinigung Schramberg e.V. ein.<\/p>\n<p>Das angedachte Thema <strong>&#8222;Schulentwicklung&#8220;<\/strong> wurde zugunsten des neuen Themas auf einen sp\u00e4teren KopA verschoben.<\/p>\n<p>Thema an diesem Abend ist:<\/p>\n<ul>\n<li><strong>&#8222;Bebauungsplan Stadt&#8220; <\/strong>(kurzfristige \u00c4nderungen vorbehalten)<strong><br \/>\n<\/strong><\/li>\n<\/ul>\n<p>Hierzu wird der st\u00e4dtische Fachbereichsleiter Umwelt und Technik,<br \/>\nAndreas Krause, aufzeigen, wie ein Bebauungsplan entsteht. Dabei wird er<br \/>\nauch darauf eingehen, welche Stufen durchlaufen werden, welche Beh\u00f6rden<br \/>\nihre Stellungnahme abgeben, welche Begleitpl\u00e4ne erforderlich werden und<br \/>\nmehr, bis aus einem Wiesengel\u00e4nde ein Bau- oder Industriegebiet wird.<\/p>\n<p>Wenn Sie sich f\u00fcr das Thema interessieren, dann reservieren\u00a0Sie sich\u00a0einen\u00a0Termin f\u00fcr den\u00a011.03.2015\u00a0ab\u00a020:00 Uhr. Der Treffpunkt des Abends ist der Gasthof Kreuz in Waldm\u00f6ssingen (Heimbachstra\u00dfe 8).<\/p>\n<p>Wir freuen uns auf Ihr kommen.<\/p>\n","protected":false},"excerpt":{"rendered":"<p>Sie sind kommunalpolitisch interessiert? Dann laden wir Sie recht herzlich zum KopA\u00a0der freien W\u00e4hlervereinigung Schramberg e.V. ein. Das angedachte Thema &#8222;Schulentwicklung&#8220; wurde zugunsten des neuen Themas auf einen sp\u00e4teren KopA verschoben. Thema an diesem Abend ist: &#8222;Bebauungsplan Stadt&#8220; (kurzfristige \u00c4nderungen vorbehalten) Hierzu wird der st\u00e4dtische Fachbereichsleiter Umwelt und Technik, Andreas Krause, aufzeigen, wie ein Bebauungsplan &#8230; <a title=\"Einladung zum kommunalpolitischen Arbeitskreis (KopA) am 11.03.2015\" class=\"read-more\" href=\"https:\/\/fwv-schramberg.de\/?p=158\" aria-label=\"Mehr Informationen \u00fcber Einladung zum kommunalpolitischen Arbeitskreis (KopA) am 11.03.2015\">Weiterlesen<\/a><\/p>\n","protected":false},"author":2,"featured_media":0,"comment_status":"closed","ping_status":"closed","sticky":false,"template":"","format":"standard","meta":{"footnotes":""},"categories":[3,4,5],"tags":[],"class_list":["post-158","post","type-post","status-publish","format-standard","hentry","category-kommunalpolitik","category-kopa","category-termine"],"_links":{"self":[{"href":"https:\/\/fwv-schramberg.de\/index.php?rest_route=\/wp\/v2\/posts\/158","targetHints":{"allow":["GET"]}}],"collection":[{"href":"https:\/\/fwv-schramberg.de\/index.php?rest_route=\/wp\/v2\/posts"}],"about":[{"href":"https:\/\/fwv-schramberg.de\/index.php?rest_route=\/wp\/v2\/types\/post"}],"author":[{"embeddable":true,"href":"https:\/\/fwv-schramberg.de\/index.php?rest_route=\/wp\/v2\/users\/2"}],"replies":[{"embeddable":true,"href":"https:\/\/fwv-schramberg.de\/index.php?rest_route=%2Fwp%2Fv2%2Fcomments&post=158"}],"version-history":[{"count":7,"href":"https:\/\/fwv-schramberg.de\/index.php?rest_route=\/wp\/v2\/posts\/158\/revisions"}],"predecessor-version":[{"id":215,"href":"https:\/\/fwv-schramberg.de\/index.php?rest_route=\/wp\/v2\/posts\/158\/revisions\/215"}],"wp:attachment":[{"href":"https:\/\/fwv-schramberg.de\/index.php?rest_route=%2Fwp%2Fv2%2Fmedia&parent=158"}],"wp:term":[{"taxonomy":"category","embeddable":true,"href":"https:\/\/fwv-schramberg.de\/index.php?rest_route=%2Fwp%2Fv2%2Fcategories&post=158"},{"taxonomy":"post_tag","embeddable":true,"href":"https:\/\/fwv-schramberg.de\/index.php?rest_route=%2Fwp%2Fv2%2Ftags&post=158"}],"curies":[{"name":"wp","href":"https:\/\/api.w.org\/{rel}","templated":true}]}}