{"id":269,"date":"2016-01-05T18:17:07","date_gmt":"2016-01-05T18:17:07","guid":{"rendered":"http:\/\/fwv-schramberg.de\/?p=269"},"modified":"2016-01-05T18:17:07","modified_gmt":"2016-01-05T18:17:07","slug":"wir-trauern-um-volker-maier-juranek","status":"publish","type":"post","link":"https:\/\/fwv-schramberg.de\/?p=269","title":{"rendered":"Wir trauern um Volker Maier-Juranek"},"content":{"rendered":"<p>Die Mitglieder der Freien W\u00e4hlervereinigung Schramberg e.V. trauern um ihr Mitglied Volker.<\/p>\n<figure id=\"attachment_270\" aria-describedby=\"caption-attachment-270\" style=\"width: 1158px\" class=\"wp-caption alignnone\"><a href=\"http:\/\/fwv-schramberg.de\/wp-content\/uploads\/2016\/01\/Nachruf-Volker.png\" rel=\"attachment wp-att-270\"><img loading=\"lazy\" decoding=\"async\" class=\"wp-image-270 size-full\" src=\"http:\/\/fwv-schramberg.de\/wp-content\/uploads\/2016\/01\/Nachruf-Volker.png\" alt=\"Nachruf Volker\" width=\"1168\" height=\"394\" srcset=\"https:\/\/fwv-schramberg.de\/wp-content\/uploads\/2016\/01\/Nachruf-Volker.png 1168w, https:\/\/fwv-schramberg.de\/wp-content\/uploads\/2016\/01\/Nachruf-Volker-300x101.png 300w, https:\/\/fwv-schramberg.de\/wp-content\/uploads\/2016\/01\/Nachruf-Volker-768x259.png 768w, https:\/\/fwv-schramberg.de\/wp-content\/uploads\/2016\/01\/Nachruf-Volker-1024x345.png 1024w\" sizes=\"auto, (max-width: 1168px) 100vw, 1168px\" \/><\/a><figcaption id=\"caption-attachment-270\" class=\"wp-caption-text\">Quelle: Schwarzw\u00e4lder-Bote, Stephan Wegner<\/figcaption><\/figure>\n<p>Sein Wirken f\u00fcr unser gemeinsames Interesse an der Kommunalpolitik und die Freien W\u00e4hler werden wir stets in Ehren halten.<\/p>\n<p>Der Trauergottesdienst findet am Freitag, 8. Januar, 13.30 Uhr in der evangelischen Kirche in Tennenbronn statt.<\/p>\n<p>&nbsp;<\/p>\n","protected":false},"excerpt":{"rendered":"<p>Die Mitglieder der Freien W\u00e4hlervereinigung Schramberg e.V. trauern um ihr Mitglied Volker. Sein Wirken f\u00fcr unser gemeinsames Interesse an der Kommunalpolitik und die Freien W\u00e4hler werden wir stets in Ehren halten. Der Trauergottesdienst findet am Freitag, 8. Januar, 13.30 Uhr in der evangelischen Kirche in Tennenbronn statt. &nbsp;<\/p>\n","protected":false},"author":2,"featured_media":0,"comment_status":"closed","ping_status":"closed","sticky":false,"template":"","format":"standard","meta":{"footnotes":""},"categories":[1],"tags":[],"class_list":["post-269","post","type-post","status-publish","format-standard","hentry","category-allgemein"],"_links":{"self":[{"href":"https:\/\/fwv-schramberg.de\/index.php?rest_route=\/wp\/v2\/posts\/269","targetHints":{"allow":["GET"]}}],"collection":[{"href":"https:\/\/fwv-schramberg.de\/index.php?rest_route=\/wp\/v2\/posts"}],"about":[{"href":"https:\/\/fwv-schramberg.de\/index.php?rest_route=\/wp\/v2\/types\/post"}],"author":[{"embeddable":true,"href":"https:\/\/fwv-schramberg.de\/index.php?rest_route=\/wp\/v2\/users\/2"}],"replies":[{"embeddable":true,"href":"https:\/\/fwv-schramberg.de\/index.php?rest_route=%2Fwp%2Fv2%2Fcomments&post=269"}],"version-history":[{"count":1,"href":"https:\/\/fwv-schramberg.de\/index.php?rest_route=\/wp\/v2\/posts\/269\/revisions"}],"predecessor-version":[{"id":271,"href":"https:\/\/fwv-schramberg.de\/index.php?rest_route=\/wp\/v2\/posts\/269\/revisions\/271"}],"wp:attachment":[{"href":"https:\/\/fwv-schramberg.de\/index.php?rest_route=%2Fwp%2Fv2%2Fmedia&parent=269"}],"wp:term":[{"taxonomy":"category","embeddable":true,"href":"https:\/\/fwv-schramberg.de\/index.php?rest_route=%2Fwp%2Fv2%2Fcategories&post=269"},{"taxonomy":"post_tag","embeddable":true,"href":"https:\/\/fwv-schramberg.de\/index.php?rest_route=%2Fwp%2Fv2%2Ftags&post=269"}],"curies":[{"name":"wp","href":"https:\/\/api.w.org\/{rel}","templated":true}]}}