{"id":364,"date":"2016-06-08T19:58:03","date_gmt":"2016-06-08T19:58:03","guid":{"rendered":"http:\/\/fwv-schramberg.de\/?p=364"},"modified":"2016-06-08T19:58:03","modified_gmt":"2016-06-08T19:58:03","slug":"schwabo-artikel-andrea-fassbinder-uebernimmt-vorsitz-bei-freien-waehlern","status":"publish","type":"post","link":"https:\/\/fwv-schramberg.de\/?p=364","title":{"rendered":"Schwabo Artikel: Andrea Fa\u00dfbinder \u00fcbernimmt Vorsitz bei Freien W\u00e4hlern"},"content":{"rendered":"<p>Der Schwarzw\u00e4lder Bote ver\u00f6ffentlicht einen Artikel \u00fcber die gestrige Jahreshauptversammlung der Freien W\u00e4hlervereinigung Schramberg e.V..<\/p>\n<p><a href=\"http:\/\/fwv-schramberg.de\/wp-content\/uploads\/2016\/06\/Jahreshauptversammlung2016.png\"><img loading=\"lazy\" decoding=\"async\" class=\"alignnone size-full wp-image-366\" src=\"http:\/\/fwv-schramberg.de\/wp-content\/uploads\/2016\/06\/Jahreshauptversammlung2016.png\" alt=\"Jahreshauptversammlung2016\" width=\"1322\" height=\"924\" srcset=\"https:\/\/fwv-schramberg.de\/wp-content\/uploads\/2016\/06\/Jahreshauptversammlung2016.png 1322w, https:\/\/fwv-schramberg.de\/wp-content\/uploads\/2016\/06\/Jahreshauptversammlung2016-300x210.png 300w, https:\/\/fwv-schramberg.de\/wp-content\/uploads\/2016\/06\/Jahreshauptversammlung2016-768x537.png 768w, https:\/\/fwv-schramberg.de\/wp-content\/uploads\/2016\/06\/Jahreshauptversammlung2016-1024x716.png 1024w\" sizes=\"auto, (max-width: 1322px) 100vw, 1322px\" \/><\/a><\/p>\n","protected":false},"excerpt":{"rendered":"<p>Der Schwarzw\u00e4lder Bote ver\u00f6ffentlicht einen Artikel \u00fcber die gestrige Jahreshauptversammlung der Freien W\u00e4hlervereinigung Schramberg e.V..<\/p>\n","protected":false},"author":2,"featured_media":367,"comment_status":"closed","ping_status":"closed","sticky":false,"template":"","format":"standard","meta":{"footnotes":""},"categories":[1],"tags":[],"class_list":["post-364","post","type-post","status-publish","format-standard","has-post-thumbnail","hentry","category-allgemein"],"_links":{"self":[{"href":"https:\/\/fwv-schramberg.de\/index.php?rest_route=\/wp\/v2\/posts\/364","targetHints":{"allow":["GET"]}}],"collection":[{"href":"https:\/\/fwv-schramberg.de\/index.php?rest_route=\/wp\/v2\/posts"}],"about":[{"href":"https:\/\/fwv-schramberg.de\/index.php?rest_route=\/wp\/v2\/types\/post"}],"author":[{"embeddable":true,"href":"https:\/\/fwv-schramberg.de\/index.php?rest_route=\/wp\/v2\/users\/2"}],"replies":[{"embeddable":true,"href":"https:\/\/fwv-schramberg.de\/index.php?rest_route=%2Fwp%2Fv2%2Fcomments&post=364"}],"version-history":[{"count":1,"href":"https:\/\/fwv-schramberg.de\/index.php?rest_route=\/wp\/v2\/posts\/364\/revisions"}],"predecessor-version":[{"id":368,"href":"https:\/\/fwv-schramberg.de\/index.php?rest_route=\/wp\/v2\/posts\/364\/revisions\/368"}],"wp:featuredmedia":[{"embeddable":true,"href":"https:\/\/fwv-schramberg.de\/index.php?rest_route=\/wp\/v2\/media\/367"}],"wp:attachment":[{"href":"https:\/\/fwv-schramberg.de\/index.php?rest_route=%2Fwp%2Fv2%2Fmedia&parent=364"}],"wp:term":[{"taxonomy":"category","embeddable":true,"href":"https:\/\/fwv-schramberg.de\/index.php?rest_route=%2Fwp%2Fv2%2Fcategories&post=364"},{"taxonomy":"post_tag","embeddable":true,"href":"https:\/\/fwv-schramberg.de\/index.php?rest_route=%2Fwp%2Fv2%2Ftags&post=364"}],"curies":[{"name":"wp","href":"https:\/\/api.w.org\/{rel}","templated":true}]}}