{"id":451,"date":"2018-11-06T17:14:49","date_gmt":"2018-11-06T17:14:49","guid":{"rendered":"http:\/\/fwv-schramberg.de\/?p=451"},"modified":"2018-11-11T11:02:18","modified_gmt":"2018-11-11T11:02:18","slug":"einladung-zur-informationsveranstaltung-gemeinderatswahlen-2019","status":"publish","type":"post","link":"https:\/\/fwv-schramberg.de\/?p=451","title":{"rendered":"Einladung zur Informationsveranstaltung Gemeinderatswahlen 2019"},"content":{"rendered":"<p>Liebe Mitglieder und Freunde der FWv Schramberg,<\/p>\n<p>Am Mittwoch, 14.11. 2018 um 19.30Uhr findet im Gasthaus Adler in Tennenbronn eine Informationsveranstaltung zur Gemeinderatswahl 2019 der Freien W\u00e4hlervereinigung Schramberg statt.<\/p>\n<p>Herzlich eingeladen sind alle B\u00fcrger, Mitglieder der FWv und Interessenten ( selbstverst\u00e4ndlich auch fraktions\u00fcbergreifend), die sich f\u00fcr Gemeinderatsarbeit interessieren.<\/p>\n<p>Wir werden aus erfahrenem Munde h\u00f6ren, was ein Gemeinderat\/Ortschaftsrat so macht, welcher Arbeitsaufwand dahinter steckt, welche Voraussetzungen ein B\u00fcrger mitbringen kann\/ sollte um in den Gemeinderat gew\u00e4hlt zu werden.<\/p>\n<p>\u00dcber eine rege Teilnahme freuen wir uns.<\/p>\n<p>Liebe Gr\u00fc\u00dfe<br \/>\nAndrea Fa\u00dfbinder<br \/>\n1. Vorsitzende<\/p>\n","protected":false},"excerpt":{"rendered":"<p>Liebe Mitglieder und Freunde der FWv Schramberg, Am Mittwoch, 14.11. 2018 um 19.30Uhr findet im Gasthaus Adler in Tennenbronn eine Informationsveranstaltung zur Gemeinderatswahl 2019 der Freien W\u00e4hlervereinigung Schramberg statt. Herzlich eingeladen sind alle B\u00fcrger, Mitglieder der FWv und Interessenten ( selbstverst\u00e4ndlich auch fraktions\u00fcbergreifend), die sich f\u00fcr Gemeinderatsarbeit interessieren. Wir werden aus erfahrenem Munde h\u00f6ren, was &#8230; <a title=\"Einladung zur Informationsveranstaltung Gemeinderatswahlen 2019\" class=\"read-more\" href=\"https:\/\/fwv-schramberg.de\/?p=451\" aria-label=\"Mehr Informationen \u00fcber Einladung zur Informationsveranstaltung Gemeinderatswahlen 2019\">Weiterlesen<\/a><\/p>\n","protected":false},"author":2,"featured_media":455,"comment_status":"closed","ping_status":"closed","sticky":false,"template":"","format":"standard","meta":{"footnotes":""},"categories":[3,4],"tags":[],"class_list":["post-451","post","type-post","status-publish","format-standard","has-post-thumbnail","hentry","category-kommunalpolitik","category-kopa"],"_links":{"self":[{"href":"https:\/\/fwv-schramberg.de\/index.php?rest_route=\/wp\/v2\/posts\/451","targetHints":{"allow":["GET"]}}],"collection":[{"href":"https:\/\/fwv-schramberg.de\/index.php?rest_route=\/wp\/v2\/posts"}],"about":[{"href":"https:\/\/fwv-schramberg.de\/index.php?rest_route=\/wp\/v2\/types\/post"}],"author":[{"embeddable":true,"href":"https:\/\/fwv-schramberg.de\/index.php?rest_route=\/wp\/v2\/users\/2"}],"replies":[{"embeddable":true,"href":"https:\/\/fwv-schramberg.de\/index.php?rest_route=%2Fwp%2Fv2%2Fcomments&post=451"}],"version-history":[{"count":1,"href":"https:\/\/fwv-schramberg.de\/index.php?rest_route=\/wp\/v2\/posts\/451\/revisions"}],"predecessor-version":[{"id":453,"href":"https:\/\/fwv-schramberg.de\/index.php?rest_route=\/wp\/v2\/posts\/451\/revisions\/453"}],"wp:featuredmedia":[{"embeddable":true,"href":"https:\/\/fwv-schramberg.de\/index.php?rest_route=\/wp\/v2\/media\/455"}],"wp:attachment":[{"href":"https:\/\/fwv-schramberg.de\/index.php?rest_route=%2Fwp%2Fv2%2Fmedia&parent=451"}],"wp:term":[{"taxonomy":"category","embeddable":true,"href":"https:\/\/fwv-schramberg.de\/index.php?rest_route=%2Fwp%2Fv2%2Fcategories&post=451"},{"taxonomy":"post_tag","embeddable":true,"href":"https:\/\/fwv-schramberg.de\/index.php?rest_route=%2Fwp%2Fv2%2Ftags&post=451"}],"curies":[{"name":"wp","href":"https:\/\/api.w.org\/{rel}","templated":true}]}}