{"id":482,"date":"2019-03-09T13:46:17","date_gmt":"2019-03-09T13:46:17","guid":{"rendered":"http:\/\/fwv-schramberg.de\/?p=482"},"modified":"2019-03-09T13:46:17","modified_gmt":"2019-03-09T13:46:17","slug":"vorlage-kandidatenprofil","status":"publish","type":"post","link":"https:\/\/fwv-schramberg.de\/?p=482","title":{"rendered":"Vorlage Kandidatenprofil"},"content":{"rendered":"\n<p>Liebe Kandidaten der Freien Liste,<\/p>\n\n\n\n<p>die Kommunalwahlen r\u00fccken n\u00e4her und langsam wird es ernst.\nEin Flyer f\u00fcr die Gemeinderatswahl und die Kreistagswahl ist im Entstehen. Dazu\nbrauchen wir Eure\/ Ihre Hilfe. Jeder muss ein pers\u00f6nliches Profil erstellen und\nwir brauchen von jedem Kandidaten ein aktuelles Bild. &nbsp;Diese Bilder wird\nAnnette Kasenbacher f\u00fcr uns machen. Die Rechnung daf\u00fcr geht an die FWv\nSchramberg e.V.<\/p>\n\n\n\n<p>Die Termine f\u00fcr die Aufnahmen entnehmt Ihr\/ entnehmen Sie bitte dem Anhang. W\u00fcnschenswert w\u00e4re es, dass m\u00f6glichst die ersten beiden Termine beansprucht werden. Der Termin am 16.03 ist ein Ausweichtermin, wenn jemand so gar nicht an den anderen beiden Terminen kann. Je fr\u00fcher alles erledigt ist, desto schneller k\u00f6nnen die Flyer in Druck gehen. Das\u00a0 schriftliche Profil (n\u00e4here Angaben im Anhang) darf schnellstm\u00f6glich an mich zur\u00fcck geschickt werden, gerne nat\u00fcrlich per Mail,\u00a0 aber auch handschriftlich ist m\u00f6glich.<\/p>\n\n\n\n<p>Vielen Dank!<\/p>\n\n\n\n<div class=\"wp-block-file\"><a href=\"http:\/\/fwv-schramberg.de\/wp-content\/uploads\/2019\/03\/Vorlage-Kandidatenprofil-Flyer-1.pdf\">Vorlage Kandidatenprofil Flyer<\/a><a href=\"http:\/\/fwv-schramberg.de\/wp-content\/uploads\/2019\/03\/Vorlage-Kandidatenprofil-Flyer-1.pdf\" class=\"wp-block-file__button\" download>Herunterladen<\/a><\/div>\n","protected":false},"excerpt":{"rendered":"<p>Liebe Kandidaten der Freien Liste, die Kommunalwahlen r\u00fccken n\u00e4her und langsam wird es ernst. Ein Flyer f\u00fcr die Gemeinderatswahl und die Kreistagswahl ist im Entstehen. Dazu brauchen wir Eure\/ Ihre Hilfe. Jeder muss ein pers\u00f6nliches Profil erstellen und wir brauchen von jedem Kandidaten ein aktuelles Bild. &nbsp;Diese Bilder wird Annette Kasenbacher f\u00fcr uns machen. Die &#8230; <a title=\"Vorlage Kandidatenprofil\" class=\"read-more\" href=\"https:\/\/fwv-schramberg.de\/?p=482\" aria-label=\"Mehr Informationen \u00fcber Vorlage Kandidatenprofil\">Weiterlesen<\/a><\/p>\n","protected":false},"author":2,"featured_media":0,"comment_status":"closed","ping_status":"closed","sticky":false,"template":"","format":"standard","meta":{"footnotes":""},"categories":[1],"tags":[],"class_list":["post-482","post","type-post","status-publish","format-standard","hentry","category-allgemein"],"_links":{"self":[{"href":"https:\/\/fwv-schramberg.de\/index.php?rest_route=\/wp\/v2\/posts\/482","targetHints":{"allow":["GET"]}}],"collection":[{"href":"https:\/\/fwv-schramberg.de\/index.php?rest_route=\/wp\/v2\/posts"}],"about":[{"href":"https:\/\/fwv-schramberg.de\/index.php?rest_route=\/wp\/v2\/types\/post"}],"author":[{"embeddable":true,"href":"https:\/\/fwv-schramberg.de\/index.php?rest_route=\/wp\/v2\/users\/2"}],"replies":[{"embeddable":true,"href":"https:\/\/fwv-schramberg.de\/index.php?rest_route=%2Fwp%2Fv2%2Fcomments&post=482"}],"version-history":[{"count":1,"href":"https:\/\/fwv-schramberg.de\/index.php?rest_route=\/wp\/v2\/posts\/482\/revisions"}],"predecessor-version":[{"id":484,"href":"https:\/\/fwv-schramberg.de\/index.php?rest_route=\/wp\/v2\/posts\/482\/revisions\/484"}],"wp:attachment":[{"href":"https:\/\/fwv-schramberg.de\/index.php?rest_route=%2Fwp%2Fv2%2Fmedia&parent=482"}],"wp:term":[{"taxonomy":"category","embeddable":true,"href":"https:\/\/fwv-schramberg.de\/index.php?rest_route=%2Fwp%2Fv2%2Fcategories&post=482"},{"taxonomy":"post_tag","embeddable":true,"href":"https:\/\/fwv-schramberg.de\/index.php?rest_route=%2Fwp%2Fv2%2Ftags&post=482"}],"curies":[{"name":"wp","href":"https:\/\/api.w.org\/{rel}","templated":true}]}}