{"id":488,"date":"2019-03-15T22:22:50","date_gmt":"2019-03-15T22:22:50","guid":{"rendered":"http:\/\/fwv-schramberg.de\/?p=488"},"modified":"2019-03-15T22:22:50","modified_gmt":"2019-03-15T22:22:50","slug":"schwabo-artikel-freie-liste-kreistag","status":"publish","type":"post","link":"https:\/\/fwv-schramberg.de\/?p=488","title":{"rendered":"Schwabo Artikel: Freie Liste Kreistag"},"content":{"rendered":"\n<p>Der Schwabo ver\u00f6ffentlichte einen Artikel \u00fcber die Freie Liste f\u00fcr den Kreistag. <a href=\"https:\/\/www.schwarzwaelder-bote.de\/inhalt.schramberg-herzog-als-kreistags-spitzenkandidat.added714-382e-4ca8-b466-368fff8e107e.html\">https:\/\/www.schwarzwaelder-bote.de\/inhalt.schramberg-herzog-als-kreistags-spitzenkandidat.added714-382e-4ca8-b466-368fff8e107e.html<\/a><\/p>\n","protected":false},"excerpt":{"rendered":"<p>Der Schwabo ver\u00f6ffentlichte einen Artikel \u00fcber die Freie Liste f\u00fcr den Kreistag. https:\/\/www.schwarzwaelder-bote.de\/inhalt.schramberg-herzog-als-kreistags-spitzenkandidat.added714-382e-4ca8-b466-368fff8e107e.html<\/p>\n","protected":false},"author":2,"featured_media":489,"comment_status":"closed","ping_status":"closed","sticky":false,"template":"","format":"standard","meta":{"footnotes":""},"categories":[1],"tags":[],"class_list":["post-488","post","type-post","status-publish","format-standard","has-post-thumbnail","hentry","category-allgemein"],"_links":{"self":[{"href":"https:\/\/fwv-schramberg.de\/index.php?rest_route=\/wp\/v2\/posts\/488","targetHints":{"allow":["GET"]}}],"collection":[{"href":"https:\/\/fwv-schramberg.de\/index.php?rest_route=\/wp\/v2\/posts"}],"about":[{"href":"https:\/\/fwv-schramberg.de\/index.php?rest_route=\/wp\/v2\/types\/post"}],"author":[{"embeddable":true,"href":"https:\/\/fwv-schramberg.de\/index.php?rest_route=\/wp\/v2\/users\/2"}],"replies":[{"embeddable":true,"href":"https:\/\/fwv-schramberg.de\/index.php?rest_route=%2Fwp%2Fv2%2Fcomments&post=488"}],"version-history":[{"count":1,"href":"https:\/\/fwv-schramberg.de\/index.php?rest_route=\/wp\/v2\/posts\/488\/revisions"}],"predecessor-version":[{"id":490,"href":"https:\/\/fwv-schramberg.de\/index.php?rest_route=\/wp\/v2\/posts\/488\/revisions\/490"}],"wp:featuredmedia":[{"embeddable":true,"href":"https:\/\/fwv-schramberg.de\/index.php?rest_route=\/wp\/v2\/media\/489"}],"wp:attachment":[{"href":"https:\/\/fwv-schramberg.de\/index.php?rest_route=%2Fwp%2Fv2%2Fmedia&parent=488"}],"wp:term":[{"taxonomy":"category","embeddable":true,"href":"https:\/\/fwv-schramberg.de\/index.php?rest_route=%2Fwp%2Fv2%2Fcategories&post=488"},{"taxonomy":"post_tag","embeddable":true,"href":"https:\/\/fwv-schramberg.de\/index.php?rest_route=%2Fwp%2Fv2%2Ftags&post=488"}],"curies":[{"name":"wp","href":"https:\/\/api.w.org\/{rel}","templated":true}]}}