{"id":565,"date":"2024-01-31T19:29:13","date_gmt":"2024-01-31T19:29:13","guid":{"rendered":"https:\/\/fwv-schramberg.de\/?p=565"},"modified":"2024-01-31T19:29:15","modified_gmt":"2024-01-31T19:29:15","slug":"einladung-aufstellungsversammlung-9-juni-24","status":"publish","type":"post","link":"https:\/\/fwv-schramberg.de\/?p=565","title":{"rendered":"Einladung Aufstellungsversammlung 9. Juni 24"},"content":{"rendered":"\n<p>Liebe Mitglieder und Freunde der Freien W\u00e4hlervereinigung Schramberg e.V.<\/p>\n\n\n\n<p>die Kommunalwahlen am 9.Juni 2024 nahen und somit auch die Aufstellungsversammlung f\u00fcr die Freie Liste.<\/p>\n\n\n\n<p>Im Anhang befindet sich die Einladung zu dieser wichtigen Veranstaltung.<\/p>\n\n\n\n<p>Au\u00dferdem befinden sich im Anhang die ben\u00f6tigten Formulare, die wir zur Aufstellungsversammlung vollst\u00e4ndig ausgef\u00fcllt ben\u00f6tigen.<\/p>\n\n\n\n<p>Mit freundlichen Gr\u00fc\u00dfen<\/p>\n\n\n\n<p>Andrea Fa\u00dfbinder<\/p>\n\n\n\n<ol class=\"wp-block-list\">\n<li>Vorsitzende<\/li>\n<\/ol>\n\n\n\n<p><\/p>\n\n\n\n<div data-wp-interactive=\"core\/file\" class=\"wp-block-file\"><object data-wp-bind--hidden=\"!state.hasPdfPreview\" hidden class=\"wp-block-file__embed\" data=\"https:\/\/fwv-schramberg.de\/wp-content\/uploads\/2024\/01\/Aufstrellungsversammlung-1-2024.pdf\" type=\"application\/pdf\" style=\"width:100%;height:600px\" aria-label=\"Einbettung von Aufstrellungsversammlung-1-2024.\"><\/object><a id=\"wp-block-file--media-94127735-6769-499d-89a8-5dfebe465e59\" href=\"https:\/\/fwv-schramberg.de\/wp-content\/uploads\/2024\/01\/Aufstrellungsversammlung-1-2024.pdf\">Aufstrellungsversammlung-1-2024<\/a><a href=\"https:\/\/fwv-schramberg.de\/wp-content\/uploads\/2024\/01\/Aufstrellungsversammlung-1-2024.pdf\" class=\"wp-block-file__button wp-element-button\" download aria-describedby=\"wp-block-file--media-94127735-6769-499d-89a8-5dfebe465e59\">Herunterladen<\/a><\/div>\n\n\n\n<div data-wp-interactive=\"core\/file\" class=\"wp-block-file\"><object data-wp-bind--hidden=\"!state.hasPdfPreview\" hidden class=\"wp-block-file__embed\" data=\"https:\/\/fwv-schramberg.de\/wp-content\/uploads\/2024\/01\/Formular-Waehlbarkeitsbescheinigung-Kreistag.pdf\" type=\"application\/pdf\" style=\"width:100%;height:600px\" aria-label=\"Einbettung von Formular-Waehlbarkeitsbescheinigung-Kreistag.\"><\/object><a id=\"wp-block-file--media-df99e92e-82ee-4132-89ce-2f49f111599c\" href=\"https:\/\/fwv-schramberg.de\/wp-content\/uploads\/2024\/01\/Formular-Waehlbarkeitsbescheinigung-Kreistag.pdf\">Formular-Waehlbarkeitsbescheinigung-Kreistag<\/a><a href=\"https:\/\/fwv-schramberg.de\/wp-content\/uploads\/2024\/01\/Formular-Waehlbarkeitsbescheinigung-Kreistag.pdf\" class=\"wp-block-file__button wp-element-button\" download aria-describedby=\"wp-block-file--media-df99e92e-82ee-4132-89ce-2f49f111599c\">Herunterladen<\/a><\/div>\n\n\n\n<div data-wp-interactive=\"core\/file\" class=\"wp-block-file\"><object data-wp-bind--hidden=\"!state.hasPdfPreview\" hidden class=\"wp-block-file__embed\" data=\"https:\/\/fwv-schramberg.de\/wp-content\/uploads\/2024\/01\/Zustimmungserklaerung-Bewerber.pdf\" type=\"application\/pdf\" style=\"width:100%;height:600px\" aria-label=\"Einbettung von Zustimmungserklaerung-Bewerber.\"><\/object><a id=\"wp-block-file--media-0f1cb786-6029-4ecb-9847-34a1822e54cb\" href=\"https:\/\/fwv-schramberg.de\/wp-content\/uploads\/2024\/01\/Zustimmungserklaerung-Bewerber.pdf\">Zustimmungserklaerung-Bewerber<\/a><a href=\"https:\/\/fwv-schramberg.de\/wp-content\/uploads\/2024\/01\/Zustimmungserklaerung-Bewerber.pdf\" class=\"wp-block-file__button wp-element-button\" download aria-describedby=\"wp-block-file--media-0f1cb786-6029-4ecb-9847-34a1822e54cb\">Herunterladen<\/a><\/div>\n","protected":false},"excerpt":{"rendered":"<p>Liebe Mitglieder und Freunde der Freien W\u00e4hlervereinigung Schramberg e.V. die Kommunalwahlen am 9.Juni 2024 nahen und somit auch die Aufstellungsversammlung f\u00fcr die Freie Liste. Im Anhang befindet sich die Einladung zu dieser wichtigen Veranstaltung. Au\u00dferdem befinden sich im Anhang die ben\u00f6tigten Formulare, die wir zur Aufstellungsversammlung vollst\u00e4ndig ausgef\u00fcllt ben\u00f6tigen. Mit freundlichen Gr\u00fc\u00dfen Andrea Fa\u00dfbinder<\/p>\n","protected":false},"author":2,"featured_media":0,"comment_status":"closed","ping_status":"closed","sticky":false,"template":"","format":"standard","meta":{"footnotes":""},"categories":[1],"tags":[],"class_list":["post-565","post","type-post","status-publish","format-standard","hentry","category-allgemein"],"_links":{"self":[{"href":"https:\/\/fwv-schramberg.de\/index.php?rest_route=\/wp\/v2\/posts\/565","targetHints":{"allow":["GET"]}}],"collection":[{"href":"https:\/\/fwv-schramberg.de\/index.php?rest_route=\/wp\/v2\/posts"}],"about":[{"href":"https:\/\/fwv-schramberg.de\/index.php?rest_route=\/wp\/v2\/types\/post"}],"author":[{"embeddable":true,"href":"https:\/\/fwv-schramberg.de\/index.php?rest_route=\/wp\/v2\/users\/2"}],"replies":[{"embeddable":true,"href":"https:\/\/fwv-schramberg.de\/index.php?rest_route=%2Fwp%2Fv2%2Fcomments&post=565"}],"version-history":[{"count":1,"href":"https:\/\/fwv-schramberg.de\/index.php?rest_route=\/wp\/v2\/posts\/565\/revisions"}],"predecessor-version":[{"id":570,"href":"https:\/\/fwv-schramberg.de\/index.php?rest_route=\/wp\/v2\/posts\/565\/revisions\/570"}],"wp:attachment":[{"href":"https:\/\/fwv-schramberg.de\/index.php?rest_route=%2Fwp%2Fv2%2Fmedia&parent=565"}],"wp:term":[{"taxonomy":"category","embeddable":true,"href":"https:\/\/fwv-schramberg.de\/index.php?rest_route=%2Fwp%2Fv2%2Fcategories&post=565"},{"taxonomy":"post_tag","embeddable":true,"href":"https:\/\/fwv-schramberg.de\/index.php?rest_route=%2Fwp%2Fv2%2Ftags&post=565"}],"curies":[{"name":"wp","href":"https:\/\/api.w.org\/{rel}","templated":true}]}}